{"id":1421,"date":"2021-08-18T20:18:19","date_gmt":"2021-08-18T20:18:19","guid":{"rendered":"https:\/\/idaflieg.de\/?p=1421"},"modified":"2021-08-18T20:18:19","modified_gmt":"2021-08-18T20:18:19","slug":"tag-10-sondermessprojekte","status":"publish","type":"post","link":"https:\/\/idaflieg.de\/?p=1421","title":{"rendered":"Tag 10: Sondermessprojekte"},"content":{"rendered":"\n<p>Kein Wetter zum Zachern wurde auch heute wieder beschlossen, doch der Wind war weniger stark als die letzten Tage und so konnten doch in einigen Sondermessprojekten Fortschritte erzielt werden. <\/p>\n\n\n\n<p>Gleich bei mehreren Prototypen wurde die Flugerprobung vorangetrieben:<br>Mit der D-43 konnten \u00dcberziehversuche und die Neigung zum Spiralsturz erprobt werden. Das Team um die M\u00fc 31 konnte als Vorbereitung f\u00fcr die Windenstarterprobung den F-Schlepp an der Schwerpunktkupplung sowie die Bremsklappenkr\u00e4fte weiter untersuchen. Und mit der fs35 wurden Starts und Landungen bei starkem Wind erprobt. <\/p>\n\n\n\n<figure class=\"wp-block-gallery columns-2 is-cropped wp-block-gallery-1 is-layout-flex wp-block-gallery-is-layout-flex\"><ul class=\"blocks-gallery-grid\"><li class=\"blocks-gallery-item\"><figure><img loading=\"lazy\" decoding=\"async\" width=\"6000\" height=\"4000\" src=\"https:\/\/idaflieg.de\/wp-content\/uploads\/2021\/08\/DSC_0406-2-6000x4000.jpg\" alt=\"\" data-id=\"1436\" data-full-url=\"https:\/\/idaflieg.de\/wp-content\/uploads\/2021\/08\/DSC_0406-2-scaled.jpg\" data-link=\"https:\/\/idaflieg.de\/?attachment_id=1436\" class=\"wp-image-1436\" srcset=\"https:\/\/idaflieg.de\/wp-content\/uploads\/2021\/08\/DSC_0406-2-6000x4000.jpg 6000w, https:\/\/idaflieg.de\/wp-content\/uploads\/2021\/08\/DSC_0406-2-scaled-600x400.jpg 600w, https:\/\/idaflieg.de\/wp-content\/uploads\/2021\/08\/DSC_0406-2-300x200.jpg 300w, https:\/\/idaflieg.de\/wp-content\/uploads\/2021\/08\/DSC_0406-2-768x512.jpg 768w, https:\/\/idaflieg.de\/wp-content\/uploads\/2021\/08\/DSC_0406-2-1536x1024.jpg 1536w, https:\/\/idaflieg.de\/wp-content\/uploads\/2021\/08\/DSC_0406-2-2048x1365.jpg 2048w, https:\/\/idaflieg.de\/wp-content\/uploads\/2021\/08\/DSC_0406-2-700x467.jpg 700w, https:\/\/idaflieg.de\/wp-content\/uploads\/2021\/08\/DSC_0406-2-520x347.jpg 520w, https:\/\/idaflieg.de\/wp-content\/uploads\/2021\/08\/DSC_0406-2-360x240.jpg 360w, https:\/\/idaflieg.de\/wp-content\/uploads\/2021\/08\/DSC_0406-2-250x167.jpg 250w, https:\/\/idaflieg.de\/wp-content\/uploads\/2021\/08\/DSC_0406-2-100x67.jpg 100w\" sizes=\"auto, (max-width: 6000px) 100vw, 6000px\" \/><\/figure><\/li><li class=\"blocks-gallery-item\"><figure><img loading=\"lazy\" decoding=\"async\" width=\"320\" height=\"240\" src=\"https:\/\/idaflieg.de\/wp-content\/uploads\/2021\/08\/IMG_20210818_205458.jpg\" alt=\"\" data-id=\"1432\" data-full-url=\"https:\/\/idaflieg.de\/wp-content\/uploads\/2021\/08\/IMG_20210818_205458.jpg\" data-link=\"https:\/\/idaflieg.de\/?attachment_id=1432\" class=\"wp-image-1432\" srcset=\"https:\/\/idaflieg.de\/wp-content\/uploads\/2021\/08\/IMG_20210818_205458.jpg 320w, https:\/\/idaflieg.de\/wp-content\/uploads\/2021\/08\/IMG_20210818_205458-300x225.jpg 300w, https:\/\/idaflieg.de\/wp-content\/uploads\/2021\/08\/IMG_20210818_205458-250x188.jpg 250w, https:\/\/idaflieg.de\/wp-content\/uploads\/2021\/08\/IMG_20210818_205458-100x75.jpg 100w\" sizes=\"auto, (max-width: 320px) 100vw, 320px\" \/><\/figure><\/li><\/ul><\/figure>\n\n\n\n<p>Auch die anderen Projekte waren flei\u00dfig. So wurde bei der Aachener Wickelmimik der Seilabwurf getestet und es gab Vorbereitungen f\u00fcr die flugzeugseitige Windenstartvermessung der Esslinger.<\/p>\n\n\n\n<p>Nur f\u00fcr den tiefen \u00dcberflug zweier Transall wurde das gesch\u00e4ftige Treiben dann doch unterbrochen.  Die Begeisterung f\u00fcr Flugzeuge l\u00e4sst sich eben nicht nur auf den Segelflug begrenzen.<\/p>\n","protected":false},"excerpt":{"rendered":"<p>Kein Wetter zum Zachern wurde auch heute wieder beschlossen, doch der Wind war weniger stark als die letzten Tage und so konnten doch in einigen Sondermessprojekten Fortschritte erzielt werden. Gleich bei mehreren Prototypen wurde die Flugerprobung vorangetrieben:Mit der D-43 konnten [&hellip;]<\/p>\n","protected":false},"author":19,"featured_media":1430,"comment_status":"closed","ping_status":"open","sticky":false,"template":"","format":"standard","meta":{"footnotes":""},"categories":[1],"tags":[],"class_list":["post-1421","post","type-post","status-publish","format-standard","has-post-thumbnail","hentry","category-uncategorized","clearfix"],"_links":{"self":[{"href":"https:\/\/idaflieg.de\/index.php?rest_route=\/wp\/v2\/posts\/1421","targetHints":{"allow":["GET"]}}],"collection":[{"href":"https:\/\/idaflieg.de\/index.php?rest_route=\/wp\/v2\/posts"}],"about":[{"href":"https:\/\/idaflieg.de\/index.php?rest_route=\/wp\/v2\/types\/post"}],"author":[{"embeddable":true,"href":"https:\/\/idaflieg.de\/index.php?rest_route=\/wp\/v2\/users\/19"}],"replies":[{"embeddable":true,"href":"https:\/\/idaflieg.de\/index.php?rest_route=%2Fwp%2Fv2%2Fcomments&post=1421"}],"version-history":[{"count":10,"href":"https:\/\/idaflieg.de\/index.php?rest_route=\/wp\/v2\/posts\/1421\/revisions"}],"predecessor-version":[{"id":1438,"href":"https:\/\/idaflieg.de\/index.php?rest_route=\/wp\/v2\/posts\/1421\/revisions\/1438"}],"wp:featuredmedia":[{"embeddable":true,"href":"https:\/\/idaflieg.de\/index.php?rest_route=\/wp\/v2\/media\/1430"}],"wp:attachment":[{"href":"https:\/\/idaflieg.de\/index.php?rest_route=%2Fwp%2Fv2%2Fmedia&parent=1421"}],"wp:term":[{"taxonomy":"category","embeddable":true,"href":"https:\/\/idaflieg.de\/index.php?rest_route=%2Fwp%2Fv2%2Fcategories&post=1421"},{"taxonomy":"post_tag","embeddable":true,"href":"https:\/\/idaflieg.de\/index.php?rest_route=%2Fwp%2Fv2%2Ftags&post=1421"}],"curies":[{"name":"wp","href":"https:\/\/api.w.org\/{rel}","templated":true}]}}