{"id":1915,"date":"2022-08-24T20:53:17","date_gmt":"2022-08-24T20:53:17","guid":{"rendered":"https:\/\/idaflieg.de\/?p=1915"},"modified":"2023-09-12T13:42:20","modified_gmt":"2023-09-12T13:42:20","slug":"e-17-apis-jet-vorsicht-abgasstrahl","status":"publish","type":"post","link":"https:\/\/idaflieg.de\/?p=1915","title":{"rendered":"E-17 Apis Jet: Vorsicht Abgasstrahl!"},"content":{"rendered":"\n<p>Die E17 \u201eApis Jet\u201c basiert auf dem UL-Segelflugzeug \u201eApis2\u201c von Wezel Flugzeugtechnik und wurde Anfang der 2000er Jahre von der Hochschule Esslingen in Kooperation mit dem Hersteller gebaut. Seit Anfang dieses Jahres hat die FTAG das Projekt \u00fcbernommen und strebt eine Einzelst\u00fcckzulassung als Motorsegler an. Im Zuge der Flugerprobung daf\u00fcr werden auf dem Sommertreffen Fahrtmesserkalibrierungen und Flatterversuchen vorgenommen werden um die bisher niedrig angesetzte V<sub>NE<\/sub> deutlich anzuheben. Letzteres konnte heute von Stefan &#8222;Zischi&#8220; Zistler erfolgreich absolviert werden, bis 200 km\/h schnell kann die E17 nun fliegen. F\u00fcr die &#8222;Kilo&#8220; Zulassung muss die Wirksamkeit der Bremsklappen noch deutlich gesteigert werden, um den Bahnneigungswinkel von 30\u00b0 bei V<sub>NE<\/sub> zu bew\u00e4ltigen. Dazu sollen noch Daten erhoben werden, die dann Florian &#8222;Fl\u00f6dl&#8220; Kossack in seiner Bachelorarbeit benutzten wird um das Problem konstruktiv zu l\u00f6sen. B13e l\u00e4sst gr\u00fc\u00dfen.  <\/p>\n\n\n\n<p>Die Integration der Modellfluggasturbine ist im Vergleich zu heutigen Turbinensegelflugzeugen besonders: Eine fest im Rumpf verbaute Turbine mit nach unten ausklappbarer D\u00fcse liefert den Schub (200 Newton), \u00fcber zwei unter dem Cockpit befindliche Einl\u00e4ufe wird die Luft zugef\u00fchrt. Mit dieser Konfiguration sollte verhindert werden, dass der hei\u00dfe Abgasstrahl mit dem Leitwerk interagiert und eine hohe aerodynamische G\u00fcte erzielt &#8211; Allerdings zu Lasten von Wartungsfreundlichkeit und Antriebseffizienz. Somit ergibt sich ein Maximalschub von 220 Newton, wodurch das System eher als Heimkehrhilfe eingesetzt werden kann. Spritverbrauch: Ja. Des weiteren bedarf es bei dieser Konfiguration \u00fcber eine Feuerl\u00f6scheinrichtung, was die Komplexit\u00e4t des System nicht gerade schm\u00e4lert. Aber genau deswegen ist das Projekt auch bei einer Akaflieg bzw. Flugtechnischen Arbeitsgemeinschaft  bestens aufgehoben. <\/p>\n\n\n\n<figure class=\"wp-block-gallery has-nested-images columns-default is-cropped wp-block-gallery-1 is-layout-flex wp-block-gallery-is-layout-flex\">\n<figure class=\"wp-block-image size-large\"><img loading=\"lazy\" decoding=\"async\" width=\"1536\" height=\"2048\" data-id=\"2012\" src=\"https:\/\/idaflieg.de\/wp-content\/uploads\/2022\/08\/IMG_20220817_081717_774-1.jpg\" alt=\"\" class=\"wp-image-2012\" srcset=\"https:\/\/idaflieg.de\/wp-content\/uploads\/2022\/08\/IMG_20220817_081717_774-1.jpg 1536w, https:\/\/idaflieg.de\/wp-content\/uploads\/2022\/08\/IMG_20220817_081717_774-1-225x300.jpg 225w, https:\/\/idaflieg.de\/wp-content\/uploads\/2022\/08\/IMG_20220817_081717_774-1-768x1024.jpg 768w, https:\/\/idaflieg.de\/wp-content\/uploads\/2022\/08\/IMG_20220817_081717_774-1-1152x1536.jpg 1152w, https:\/\/idaflieg.de\/wp-content\/uploads\/2022\/08\/IMG_20220817_081717_774-1-700x933.jpg 700w, https:\/\/idaflieg.de\/wp-content\/uploads\/2022\/08\/IMG_20220817_081717_774-1-520x693.jpg 520w, https:\/\/idaflieg.de\/wp-content\/uploads\/2022\/08\/IMG_20220817_081717_774-1-360x480.jpg 360w, https:\/\/idaflieg.de\/wp-content\/uploads\/2022\/08\/IMG_20220817_081717_774-1-250x333.jpg 250w, https:\/\/idaflieg.de\/wp-content\/uploads\/2022\/08\/IMG_20220817_081717_774-1-100x133.jpg 100w, https:\/\/idaflieg.de\/wp-content\/uploads\/2022\/08\/IMG_20220817_081717_774-1-600x800.jpg 600w\" sizes=\"auto, (max-width: 1536px) 100vw, 1536px\" \/><figcaption class=\"wp-element-caption\">POV: E17 PIC<\/figcaption><\/figure>\n\n\n\n<figure class=\"wp-block-image size-large\"><img loading=\"lazy\" decoding=\"async\" width=\"1280\" height=\"960\" data-id=\"2011\" src=\"https:\/\/idaflieg.de\/wp-content\/uploads\/2022\/08\/photo_2022-08-24_00-30-01.jpg\" alt=\"\" class=\"wp-image-2011\" srcset=\"https:\/\/idaflieg.de\/wp-content\/uploads\/2022\/08\/photo_2022-08-24_00-30-01.jpg 1280w, https:\/\/idaflieg.de\/wp-content\/uploads\/2022\/08\/photo_2022-08-24_00-30-01-300x225.jpg 300w, https:\/\/idaflieg.de\/wp-content\/uploads\/2022\/08\/photo_2022-08-24_00-30-01-768x576.jpg 768w, https:\/\/idaflieg.de\/wp-content\/uploads\/2022\/08\/photo_2022-08-24_00-30-01-700x525.jpg 700w, https:\/\/idaflieg.de\/wp-content\/uploads\/2022\/08\/photo_2022-08-24_00-30-01-520x390.jpg 520w, https:\/\/idaflieg.de\/wp-content\/uploads\/2022\/08\/photo_2022-08-24_00-30-01-360x270.jpg 360w, https:\/\/idaflieg.de\/wp-content\/uploads\/2022\/08\/photo_2022-08-24_00-30-01-250x188.jpg 250w, https:\/\/idaflieg.de\/wp-content\/uploads\/2022\/08\/photo_2022-08-24_00-30-01-100x75.jpg 100w, https:\/\/idaflieg.de\/wp-content\/uploads\/2022\/08\/photo_2022-08-24_00-30-01-600x450.jpg 600w\" sizes=\"auto, (max-width: 1280px) 100vw, 1280px\" \/><figcaption class=\"wp-element-caption\">Die ausgefahrene D\u00fcse an der Rumpfunterseite.<\/figcaption><\/figure>\n\n\n\n<figure class=\"wp-block-image size-large\"><img loading=\"lazy\" decoding=\"async\" width=\"1280\" height=\"960\" data-id=\"2009\" src=\"https:\/\/idaflieg.de\/wp-content\/uploads\/2022\/08\/photo_2022-08-24_00-30-02.jpg\" alt=\"\" class=\"wp-image-2009\" srcset=\"https:\/\/idaflieg.de\/wp-content\/uploads\/2022\/08\/photo_2022-08-24_00-30-02.jpg 1280w, https:\/\/idaflieg.de\/wp-content\/uploads\/2022\/08\/photo_2022-08-24_00-30-02-300x225.jpg 300w, https:\/\/idaflieg.de\/wp-content\/uploads\/2022\/08\/photo_2022-08-24_00-30-02-768x576.jpg 768w, https:\/\/idaflieg.de\/wp-content\/uploads\/2022\/08\/photo_2022-08-24_00-30-02-700x525.jpg 700w, https:\/\/idaflieg.de\/wp-content\/uploads\/2022\/08\/photo_2022-08-24_00-30-02-520x390.jpg 520w, https:\/\/idaflieg.de\/wp-content\/uploads\/2022\/08\/photo_2022-08-24_00-30-02-360x270.jpg 360w, https:\/\/idaflieg.de\/wp-content\/uploads\/2022\/08\/photo_2022-08-24_00-30-02-250x188.jpg 250w, https:\/\/idaflieg.de\/wp-content\/uploads\/2022\/08\/photo_2022-08-24_00-30-02-100x75.jpg 100w, https:\/\/idaflieg.de\/wp-content\/uploads\/2022\/08\/photo_2022-08-24_00-30-02-600x450.jpg 600w\" sizes=\"auto, (max-width: 1280px) 100vw, 1280px\" \/><figcaption class=\"wp-element-caption\">Wie ein gro\u00dfes CS-25 Flugzeug<\/figcaption><\/figure>\n\n\n\n<figure class=\"wp-block-image size-large\"><img loading=\"lazy\" decoding=\"async\" width=\"1280\" height=\"960\" data-id=\"2010\" src=\"https:\/\/idaflieg.de\/wp-content\/uploads\/2022\/08\/photo_2022-08-24_00-32-05.jpg\" alt=\"\" class=\"wp-image-2010\" srcset=\"https:\/\/idaflieg.de\/wp-content\/uploads\/2022\/08\/photo_2022-08-24_00-32-05.jpg 1280w, https:\/\/idaflieg.de\/wp-content\/uploads\/2022\/08\/photo_2022-08-24_00-32-05-300x225.jpg 300w, https:\/\/idaflieg.de\/wp-content\/uploads\/2022\/08\/photo_2022-08-24_00-32-05-768x576.jpg 768w, https:\/\/idaflieg.de\/wp-content\/uploads\/2022\/08\/photo_2022-08-24_00-32-05-700x525.jpg 700w, https:\/\/idaflieg.de\/wp-content\/uploads\/2022\/08\/photo_2022-08-24_00-32-05-520x390.jpg 520w, https:\/\/idaflieg.de\/wp-content\/uploads\/2022\/08\/photo_2022-08-24_00-32-05-360x270.jpg 360w, https:\/\/idaflieg.de\/wp-content\/uploads\/2022\/08\/photo_2022-08-24_00-32-05-250x188.jpg 250w, https:\/\/idaflieg.de\/wp-content\/uploads\/2022\/08\/photo_2022-08-24_00-32-05-100x75.jpg 100w, https:\/\/idaflieg.de\/wp-content\/uploads\/2022\/08\/photo_2022-08-24_00-32-05-600x450.jpg 600w\" sizes=\"auto, (max-width: 1280px) 100vw, 1280px\" \/><figcaption class=\"wp-element-caption\">Ein klassischer NACA-Duct an der Cockpitunterseite.<\/figcaption><\/figure>\n\n\n\n<figure class=\"wp-block-image size-large\"><img loading=\"lazy\" decoding=\"async\" width=\"2560\" height=\"1920\" data-id=\"2013\" src=\"https:\/\/idaflieg.de\/wp-content\/uploads\/2022\/08\/PXL_20220817_061801249-1-scaled.jpg\" alt=\"\" class=\"wp-image-2013\" srcset=\"https:\/\/idaflieg.de\/wp-content\/uploads\/2022\/08\/PXL_20220817_061801249-1-scaled.jpg 2560w, https:\/\/idaflieg.de\/wp-content\/uploads\/2022\/08\/PXL_20220817_061801249-1-300x225.jpg 300w, https:\/\/idaflieg.de\/wp-content\/uploads\/2022\/08\/PXL_20220817_061801249-1-768x576.jpg 768w, https:\/\/idaflieg.de\/wp-content\/uploads\/2022\/08\/PXL_20220817_061801249-1-1536x1152.jpg 1536w, https:\/\/idaflieg.de\/wp-content\/uploads\/2022\/08\/PXL_20220817_061801249-1-2048x1536.jpg 2048w, https:\/\/idaflieg.de\/wp-content\/uploads\/2022\/08\/PXL_20220817_061801249-1-700x525.jpg 700w, https:\/\/idaflieg.de\/wp-content\/uploads\/2022\/08\/PXL_20220817_061801249-1-520x390.jpg 520w, https:\/\/idaflieg.de\/wp-content\/uploads\/2022\/08\/PXL_20220817_061801249-1-360x270.jpg 360w, https:\/\/idaflieg.de\/wp-content\/uploads\/2022\/08\/PXL_20220817_061801249-1-250x188.jpg 250w, https:\/\/idaflieg.de\/wp-content\/uploads\/2022\/08\/PXL_20220817_061801249-1-100x75.jpg 100w, https:\/\/idaflieg.de\/wp-content\/uploads\/2022\/08\/PXL_20220817_061801249-1-600x450.jpg 600w\" sizes=\"auto, (max-width: 2560px) 100vw, 2560px\" \/><figcaption class=\"wp-element-caption\">Apis Jet mit Nasenmast<\/figcaption><\/figure>\n<\/figure>\n","protected":false},"excerpt":{"rendered":"<p>Die E17 \u201eApis Jet\u201c basiert auf dem UL-Segelflugzeug \u201eApis2\u201c von Wezel Flugzeugtechnik und wurde Anfang der 2000er Jahre von der Hochschule Esslingen in Kooperation mit dem Hersteller gebaut. Seit Anfang dieses Jahres hat die FTAG das Projekt \u00fcbernommen und strebt [&hellip;]<\/p>\n","protected":false},"author":23,"featured_media":2064,"comment_status":"closed","ping_status":"open","sticky":false,"template":"","format":"standard","meta":{"footnotes":""},"categories":[1],"tags":[],"class_list":["post-1915","post","type-post","status-publish","format-standard","has-post-thumbnail","hentry","category-uncategorized","clearfix"],"_links":{"self":[{"href":"https:\/\/idaflieg.de\/index.php?rest_route=\/wp\/v2\/posts\/1915","targetHints":{"allow":["GET"]}}],"collection":[{"href":"https:\/\/idaflieg.de\/index.php?rest_route=\/wp\/v2\/posts"}],"about":[{"href":"https:\/\/idaflieg.de\/index.php?rest_route=\/wp\/v2\/types\/post"}],"author":[{"embeddable":true,"href":"https:\/\/idaflieg.de\/index.php?rest_route=\/wp\/v2\/users\/23"}],"replies":[{"embeddable":true,"href":"https:\/\/idaflieg.de\/index.php?rest_route=%2Fwp%2Fv2%2Fcomments&post=1915"}],"version-history":[{"count":6,"href":"https:\/\/idaflieg.de\/index.php?rest_route=\/wp\/v2\/posts\/1915\/revisions"}],"predecessor-version":[{"id":2221,"href":"https:\/\/idaflieg.de\/index.php?rest_route=\/wp\/v2\/posts\/1915\/revisions\/2221"}],"wp:featuredmedia":[{"embeddable":true,"href":"https:\/\/idaflieg.de\/index.php?rest_route=\/wp\/v2\/media\/2064"}],"wp:attachment":[{"href":"https:\/\/idaflieg.de\/index.php?rest_route=%2Fwp%2Fv2%2Fmedia&parent=1915"}],"wp:term":[{"taxonomy":"category","embeddable":true,"href":"https:\/\/idaflieg.de\/index.php?rest_route=%2Fwp%2Fv2%2Fcategories&post=1915"},{"taxonomy":"post_tag","embeddable":true,"href":"https:\/\/idaflieg.de\/index.php?rest_route=%2Fwp%2Fv2%2Ftags&post=1915"}],"curies":[{"name":"wp","href":"https:\/\/api.w.org\/{rel}","templated":true}]}}