{"id":2114,"date":"2023-08-13T20:17:35","date_gmt":"2023-08-13T20:17:35","guid":{"rendered":"https:\/\/idaflieg.de\/?p=2114"},"modified":"2023-08-25T14:08:45","modified_gmt":"2023-08-25T14:08:45","slug":"nasse-studierende-vermessen-frickeln-zachern","status":"publish","type":"post","link":"https:\/\/idaflieg.de\/?p=2114","title":{"rendered":"(Nasse) Studierende vermessen, frickeln, zachern (Recap 1. Woche)"},"content":{"rendered":"\n<p>Willkommen zum 5. Sommertreffen in Stendal! Direkt neben Berlinschweig, hinter dem Ortsausgang Klein-Esslingen steht das Flugplatzgel\u00e4nge EDOV, das wir drei Wochen unser Zuhause nennen d\u00fcrfen. Wir nutzen den Platz f\u00fcr die Flugerprobung unserer Prototypen, der Bestimmung von Flugeigenschaften und der Durchf\u00fchrung diverser Projekte, die in der folgenden Woche noch vorgestellt werden. <\/p>\n\n\n\n<figure class=\"wp-block-image size-full\"><img loading=\"lazy\" decoding=\"async\" width=\"2560\" height=\"1707\" src=\"https:\/\/idaflieg.de\/wp-content\/uploads\/2023\/08\/648A9565-scaled.jpg\" alt=\"\" class=\"wp-image-2121\" srcset=\"https:\/\/idaflieg.de\/wp-content\/uploads\/2023\/08\/648A9565-scaled.jpg 2560w, https:\/\/idaflieg.de\/wp-content\/uploads\/2023\/08\/648A9565-300x200.jpg 300w, https:\/\/idaflieg.de\/wp-content\/uploads\/2023\/08\/648A9565-768x512.jpg 768w, https:\/\/idaflieg.de\/wp-content\/uploads\/2023\/08\/648A9565-1536x1024.jpg 1536w, https:\/\/idaflieg.de\/wp-content\/uploads\/2023\/08\/648A9565-2048x1365.jpg 2048w, https:\/\/idaflieg.de\/wp-content\/uploads\/2023\/08\/648A9565-700x467.jpg 700w, https:\/\/idaflieg.de\/wp-content\/uploads\/2023\/08\/648A9565-520x347.jpg 520w, https:\/\/idaflieg.de\/wp-content\/uploads\/2023\/08\/648A9565-360x240.jpg 360w, https:\/\/idaflieg.de\/wp-content\/uploads\/2023\/08\/648A9565-250x167.jpg 250w, https:\/\/idaflieg.de\/wp-content\/uploads\/2023\/08\/648A9565-100x67.jpg 100w, https:\/\/idaflieg.de\/wp-content\/uploads\/2023\/08\/648A9565-600x400.jpg 600w\" sizes=\"auto, (max-width: 2560px) 100vw, 2560px\" \/><\/figure>\n\n\n\n<p>Der Blick nach oben hat diese Woche nicht viel Spa\u00df gemacht, au\u00dfer unseren Zelten ist nichts von EDOV weggeflogen. Gl\u00fccklicherweise gab es auf dem Boden auch noch genug zu tun: Neben Ankommen und Zelte aufbauen, haben wir an unseren Projekten weitergearbeitet und ausf\u00fchrliche Zachereinweisungen im Esslinger Segelflug-Simulator geflogen. Nach zwei Tagen ohne Flugbetrieb war am Mittwoch unsere Motivation gro\u00df genug, um zwischen den Regenschauern zu fliegen. F\u00fcr die Flugleistungsvermessung hat das Wetter zum Messen noch nicht gepasst, daf\u00fcr konnte die Messanlage getestet und Probefl\u00fcge durchgef\u00fchrt werden. Inzwischen wurden mehrere Pilot:innen in das Zachern eingewiesen, die SB14 konnte erste Nachweise f\u00fcr die Zulassungsvorschrift erfliegen, mehrere Messfl\u00fcge f\u00fcr das Vitalparameterprojekt wurden durchgef\u00fchrt, die B12 f\u00fcr weitere Flugerprobungen vorbereitet, der APIS Jet fit gemacht etc. <\/p>\n\n\n\n<p>Wir freuen und auf die n\u00e4chste Woche und hoffen auf fliegbares Wetter. Und wenn nicht, wird eben weiter gefrickelt&#8230;.<\/p>\n\n\n\n<figure class=\"wp-block-gallery has-nested-images columns-default is-cropped wp-block-gallery-1 is-layout-flex wp-block-gallery-is-layout-flex\">\n<figure class=\"wp-block-image size-large\"><img loading=\"lazy\" decoding=\"async\" width=\"2251\" height=\"4000\" data-id=\"2125\" src=\"https:\/\/idaflieg.de\/wp-content\/uploads\/2023\/08\/648A9683-2251x4000.jpg\" alt=\"\" class=\"wp-image-2125\" srcset=\"https:\/\/idaflieg.de\/wp-content\/uploads\/2023\/08\/648A9683-2251x4000.jpg 2251w, https:\/\/idaflieg.de\/wp-content\/uploads\/2023\/08\/648A9683-169x300.jpg 169w, https:\/\/idaflieg.de\/wp-content\/uploads\/2023\/08\/648A9683-768x1365.jpg 768w, https:\/\/idaflieg.de\/wp-content\/uploads\/2023\/08\/648A9683-864x1536.jpg 864w, https:\/\/idaflieg.de\/wp-content\/uploads\/2023\/08\/648A9683-1152x2048.jpg 1152w, https:\/\/idaflieg.de\/wp-content\/uploads\/2023\/08\/648A9683-700x1244.jpg 700w, https:\/\/idaflieg.de\/wp-content\/uploads\/2023\/08\/648A9683-520x924.jpg 520w, https:\/\/idaflieg.de\/wp-content\/uploads\/2023\/08\/648A9683-360x640.jpg 360w, https:\/\/idaflieg.de\/wp-content\/uploads\/2023\/08\/648A9683-250x444.jpg 250w, https:\/\/idaflieg.de\/wp-content\/uploads\/2023\/08\/648A9683-100x178.jpg 100w, https:\/\/idaflieg.de\/wp-content\/uploads\/2023\/08\/648A9683-600x1066.jpg 600w, https:\/\/idaflieg.de\/wp-content\/uploads\/2023\/08\/648A9683-scaled.jpg 1440w\" sizes=\"auto, (max-width: 2251px) 100vw, 2251px\" \/><\/figure>\n\n\n\n<figure class=\"wp-block-image size-large\"><img loading=\"lazy\" decoding=\"async\" width=\"3200\" height=\"4000\" data-id=\"2128\" src=\"https:\/\/idaflieg.de\/wp-content\/uploads\/2023\/08\/648A9375-3200x4000.jpg\" alt=\"\" class=\"wp-image-2128\" srcset=\"https:\/\/idaflieg.de\/wp-content\/uploads\/2023\/08\/648A9375-3200x4000.jpg 3200w, https:\/\/idaflieg.de\/wp-content\/uploads\/2023\/08\/648A9375-240x300.jpg 240w, https:\/\/idaflieg.de\/wp-content\/uploads\/2023\/08\/648A9375-768x960.jpg 768w, https:\/\/idaflieg.de\/wp-content\/uploads\/2023\/08\/648A9375-1229x1536.jpg 1229w, https:\/\/idaflieg.de\/wp-content\/uploads\/2023\/08\/648A9375-1638x2048.jpg 1638w, https:\/\/idaflieg.de\/wp-content\/uploads\/2023\/08\/648A9375-700x875.jpg 700w, https:\/\/idaflieg.de\/wp-content\/uploads\/2023\/08\/648A9375-520x650.jpg 520w, https:\/\/idaflieg.de\/wp-content\/uploads\/2023\/08\/648A9375-360x450.jpg 360w, https:\/\/idaflieg.de\/wp-content\/uploads\/2023\/08\/648A9375-250x313.jpg 250w, https:\/\/idaflieg.de\/wp-content\/uploads\/2023\/08\/648A9375-100x125.jpg 100w, https:\/\/idaflieg.de\/wp-content\/uploads\/2023\/08\/648A9375-600x750.jpg 600w, https:\/\/idaflieg.de\/wp-content\/uploads\/2023\/08\/648A9375-scaled.jpg 2048w\" sizes=\"auto, (max-width: 3200px) 100vw, 3200px\" \/><\/figure>\n\n\n\n<figure class=\"wp-block-image size-large\"><img loading=\"lazy\" decoding=\"async\" width=\"3199\" height=\"4000\" data-id=\"2126\" src=\"https:\/\/idaflieg.de\/wp-content\/uploads\/2023\/08\/648A9423-3199x4000.jpg\" alt=\"\" class=\"wp-image-2126\" srcset=\"https:\/\/idaflieg.de\/wp-content\/uploads\/2023\/08\/648A9423-3199x4000.jpg 3199w, https:\/\/idaflieg.de\/wp-content\/uploads\/2023\/08\/648A9423-240x300.jpg 240w, https:\/\/idaflieg.de\/wp-content\/uploads\/2023\/08\/648A9423-768x960.jpg 768w, https:\/\/idaflieg.de\/wp-content\/uploads\/2023\/08\/648A9423-1229x1536.jpg 1229w, https:\/\/idaflieg.de\/wp-content\/uploads\/2023\/08\/648A9423-1638x2048.jpg 1638w, https:\/\/idaflieg.de\/wp-content\/uploads\/2023\/08\/648A9423-700x875.jpg 700w, https:\/\/idaflieg.de\/wp-content\/uploads\/2023\/08\/648A9423-520x650.jpg 520w, https:\/\/idaflieg.de\/wp-content\/uploads\/2023\/08\/648A9423-360x450.jpg 360w, https:\/\/idaflieg.de\/wp-content\/uploads\/2023\/08\/648A9423-250x313.jpg 250w, https:\/\/idaflieg.de\/wp-content\/uploads\/2023\/08\/648A9423-100x125.jpg 100w, https:\/\/idaflieg.de\/wp-content\/uploads\/2023\/08\/648A9423-600x750.jpg 600w, https:\/\/idaflieg.de\/wp-content\/uploads\/2023\/08\/648A9423-scaled.jpg 2048w\" sizes=\"auto, (max-width: 3199px) 100vw, 3199px\" \/><\/figure>\n\n\n\n<figure class=\"wp-block-image size-large\"><img loading=\"lazy\" decoding=\"async\" width=\"3000\" height=\"4000\" data-id=\"2130\" src=\"https:\/\/idaflieg.de\/wp-content\/uploads\/2023\/08\/648A9406-3000x4000.jpg\" alt=\"\" class=\"wp-image-2130\" srcset=\"https:\/\/idaflieg.de\/wp-content\/uploads\/2023\/08\/648A9406-3000x4000.jpg 3000w, https:\/\/idaflieg.de\/wp-content\/uploads\/2023\/08\/648A9406-225x300.jpg 225w, https:\/\/idaflieg.de\/wp-content\/uploads\/2023\/08\/648A9406-768x1024.jpg 768w, https:\/\/idaflieg.de\/wp-content\/uploads\/2023\/08\/648A9406-1152x1536.jpg 1152w, https:\/\/idaflieg.de\/wp-content\/uploads\/2023\/08\/648A9406-1536x2048.jpg 1536w, https:\/\/idaflieg.de\/wp-content\/uploads\/2023\/08\/648A9406-700x933.jpg 700w, https:\/\/idaflieg.de\/wp-content\/uploads\/2023\/08\/648A9406-520x693.jpg 520w, https:\/\/idaflieg.de\/wp-content\/uploads\/2023\/08\/648A9406-360x480.jpg 360w, https:\/\/idaflieg.de\/wp-content\/uploads\/2023\/08\/648A9406-250x333.jpg 250w, https:\/\/idaflieg.de\/wp-content\/uploads\/2023\/08\/648A9406-100x133.jpg 100w, https:\/\/idaflieg.de\/wp-content\/uploads\/2023\/08\/648A9406-600x800.jpg 600w, https:\/\/idaflieg.de\/wp-content\/uploads\/2023\/08\/648A9406-scaled.jpg 1920w\" sizes=\"auto, (max-width: 3000px) 100vw, 3000px\" \/><\/figure>\n\n\n\n<figure class=\"wp-block-image size-large\"><img loading=\"lazy\" decoding=\"async\" width=\"3200\" height=\"4000\" data-id=\"2129\" src=\"https:\/\/idaflieg.de\/wp-content\/uploads\/2023\/08\/648A9373-3200x4000.jpg\" alt=\"\" class=\"wp-image-2129\" srcset=\"https:\/\/idaflieg.de\/wp-content\/uploads\/2023\/08\/648A9373-3200x4000.jpg 3200w, https:\/\/idaflieg.de\/wp-content\/uploads\/2023\/08\/648A9373-240x300.jpg 240w, https:\/\/idaflieg.de\/wp-content\/uploads\/2023\/08\/648A9373-768x960.jpg 768w, https:\/\/idaflieg.de\/wp-content\/uploads\/2023\/08\/648A9373-1229x1536.jpg 1229w, https:\/\/idaflieg.de\/wp-content\/uploads\/2023\/08\/648A9373-1639x2048.jpg 1639w, https:\/\/idaflieg.de\/wp-content\/uploads\/2023\/08\/648A9373-700x875.jpg 700w, https:\/\/idaflieg.de\/wp-content\/uploads\/2023\/08\/648A9373-520x650.jpg 520w, https:\/\/idaflieg.de\/wp-content\/uploads\/2023\/08\/648A9373-360x450.jpg 360w, https:\/\/idaflieg.de\/wp-content\/uploads\/2023\/08\/648A9373-250x312.jpg 250w, https:\/\/idaflieg.de\/wp-content\/uploads\/2023\/08\/648A9373-100x125.jpg 100w, https:\/\/idaflieg.de\/wp-content\/uploads\/2023\/08\/648A9373-600x750.jpg 600w, https:\/\/idaflieg.de\/wp-content\/uploads\/2023\/08\/648A9373-scaled.jpg 2048w\" sizes=\"auto, (max-width: 3200px) 100vw, 3200px\" \/><\/figure>\n\n\n\n<figure class=\"wp-block-image size-large\"><img loading=\"lazy\" decoding=\"async\" width=\"1440\" height=\"1801\" data-id=\"2122\" src=\"https:\/\/idaflieg.de\/wp-content\/uploads\/2023\/08\/IMG_20230812_131417_710.webp\" alt=\"\" class=\"wp-image-2122\" srcset=\"https:\/\/idaflieg.de\/wp-content\/uploads\/2023\/08\/IMG_20230812_131417_710.webp 1440w, https:\/\/idaflieg.de\/wp-content\/uploads\/2023\/08\/IMG_20230812_131417_710-240x300.webp 240w, https:\/\/idaflieg.de\/wp-content\/uploads\/2023\/08\/IMG_20230812_131417_710-768x961.webp 768w, https:\/\/idaflieg.de\/wp-content\/uploads\/2023\/08\/IMG_20230812_131417_710-1228x1536.webp 1228w, https:\/\/idaflieg.de\/wp-content\/uploads\/2023\/08\/IMG_20230812_131417_710-700x875.webp 700w, https:\/\/idaflieg.de\/wp-content\/uploads\/2023\/08\/IMG_20230812_131417_710-520x650.webp 520w, https:\/\/idaflieg.de\/wp-content\/uploads\/2023\/08\/IMG_20230812_131417_710-360x450.webp 360w, https:\/\/idaflieg.de\/wp-content\/uploads\/2023\/08\/IMG_20230812_131417_710-250x313.webp 250w, https:\/\/idaflieg.de\/wp-content\/uploads\/2023\/08\/IMG_20230812_131417_710-100x125.webp 100w, https:\/\/idaflieg.de\/wp-content\/uploads\/2023\/08\/IMG_20230812_131417_710-600x750.webp 600w\" sizes=\"auto, (max-width: 1440px) 100vw, 1440px\" \/><\/figure>\n<\/figure>\n","protected":false},"excerpt":{"rendered":"<p>Willkommen zum 5. Sommertreffen in Stendal! Direkt neben Berlinschweig, hinter dem Ortsausgang Klein-Esslingen steht das Flugplatzgel\u00e4nge EDOV, das wir drei Wochen unser Zuhause nennen d\u00fcrfen. Wir nutzen den Platz f\u00fcr die Flugerprobung unserer Prototypen, der Bestimmung von Flugeigenschaften und der [&hellip;]<\/p>\n","protected":false},"author":20,"featured_media":2120,"comment_status":"closed","ping_status":"open","sticky":false,"template":"","format":"standard","meta":{"footnotes":""},"categories":[1],"tags":[],"class_list":["post-2114","post","type-post","status-publish","format-standard","has-post-thumbnail","hentry","category-uncategorized","clearfix"],"_links":{"self":[{"href":"https:\/\/idaflieg.de\/index.php?rest_route=\/wp\/v2\/posts\/2114","targetHints":{"allow":["GET"]}}],"collection":[{"href":"https:\/\/idaflieg.de\/index.php?rest_route=\/wp\/v2\/posts"}],"about":[{"href":"https:\/\/idaflieg.de\/index.php?rest_route=\/wp\/v2\/types\/post"}],"author":[{"embeddable":true,"href":"https:\/\/idaflieg.de\/index.php?rest_route=\/wp\/v2\/users\/20"}],"replies":[{"embeddable":true,"href":"https:\/\/idaflieg.de\/index.php?rest_route=%2Fwp%2Fv2%2Fcomments&post=2114"}],"version-history":[{"count":7,"href":"https:\/\/idaflieg.de\/index.php?rest_route=\/wp\/v2\/posts\/2114\/revisions"}],"predecessor-version":[{"id":2178,"href":"https:\/\/idaflieg.de\/index.php?rest_route=\/wp\/v2\/posts\/2114\/revisions\/2178"}],"wp:featuredmedia":[{"embeddable":true,"href":"https:\/\/idaflieg.de\/index.php?rest_route=\/wp\/v2\/media\/2120"}],"wp:attachment":[{"href":"https:\/\/idaflieg.de\/index.php?rest_route=%2Fwp%2Fv2%2Fmedia&parent=2114"}],"wp:term":[{"taxonomy":"category","embeddable":true,"href":"https:\/\/idaflieg.de\/index.php?rest_route=%2Fwp%2Fv2%2Fcategories&post=2114"},{"taxonomy":"post_tag","embeddable":true,"href":"https:\/\/idaflieg.de\/index.php?rest_route=%2Fwp%2Fv2%2Ftags&post=2114"}],"curies":[{"name":"wp","href":"https:\/\/api.w.org\/{rel}","templated":true}]}}