{"id":2244,"date":"2023-11-24T15:00:55","date_gmt":"2023-11-24T15:00:55","guid":{"rendered":"https:\/\/idaflieg.de\/?p=2244"},"modified":"2024-01-04T15:47:37","modified_gmt":"2024-01-04T15:47:37","slug":"schleifen-schaeften-schwabbeln-zellenwartlehrgang-in-aachen","status":"publish","type":"post","link":"https:\/\/idaflieg.de\/?p=2244","title":{"rendered":"Schleifen, sch\u00e4ften, schwabbeln"},"content":{"rendered":"\n<p>Wenn die Flugwissenschaftliche Vereinigung Aachen (FVA) zum Zellenwartlehrgang bei sich in der Werkstatt einl\u00e4d, folgen Idaflieger:innen aus der ganzen Republik dem Ruf &#8211; und so pilgerten sie im November zur Aachener Schleifkammer. Die folgende Woche war voll mit verschiedenen Theorie- und Praxiseinheiten, welche uns auf die Pr\u00fcfungen f\u00fcr das Grundmodul und f\u00fcr den Zellenwart Z2 (FVK-Bauweise) am Ende des Lehrganges vorbereiteten.<\/p>\n\n\n\n<div class=\"wp-block-columns is-layout-flex wp-container-core-columns-is-layout-9d6595d7 wp-block-columns-is-layout-flex\">\n<div class=\"wp-block-column is-layout-flow wp-block-column-is-layout-flow\" style=\"flex-basis:33.33%\">\n<figure class=\"wp-block-image size-full\"><img loading=\"lazy\" decoding=\"async\" width=\"1707\" height=\"2560\" src=\"https:\/\/idaflieg.de\/wp-content\/uploads\/2024\/01\/IMG_6700-scaled.jpg\" alt=\"\" class=\"wp-image-2252\" srcset=\"https:\/\/idaflieg.de\/wp-content\/uploads\/2024\/01\/IMG_6700-scaled.jpg 1707w, https:\/\/idaflieg.de\/wp-content\/uploads\/2024\/01\/IMG_6700-200x300.jpg 200w, https:\/\/idaflieg.de\/wp-content\/uploads\/2024\/01\/IMG_6700-768x1152.jpg 768w, https:\/\/idaflieg.de\/wp-content\/uploads\/2024\/01\/IMG_6700-1024x1536.jpg 1024w, https:\/\/idaflieg.de\/wp-content\/uploads\/2024\/01\/IMG_6700-1365x2048.jpg 1365w, https:\/\/idaflieg.de\/wp-content\/uploads\/2024\/01\/IMG_6700-700x1050.jpg 700w, https:\/\/idaflieg.de\/wp-content\/uploads\/2024\/01\/IMG_6700-520x780.jpg 520w, https:\/\/idaflieg.de\/wp-content\/uploads\/2024\/01\/IMG_6700-360x540.jpg 360w, https:\/\/idaflieg.de\/wp-content\/uploads\/2024\/01\/IMG_6700-250x375.jpg 250w, https:\/\/idaflieg.de\/wp-content\/uploads\/2024\/01\/IMG_6700-100x150.jpg 100w, https:\/\/idaflieg.de\/wp-content\/uploads\/2024\/01\/IMG_6700-600x900.jpg 600w\" sizes=\"auto, (max-width: 1707px) 100vw, 1707px\" \/><\/figure>\n<\/div>\n\n\n\n<div class=\"wp-block-column is-layout-flow wp-block-column-is-layout-flow\" style=\"flex-basis:66.66%\">\n<p>Unsere Tage unter der Woche begannen morgens mit einer Theorieeinheit. Wir lernten, wie Luftfahrzeuge in Faserverbundbauweise aufgebaut sind und wie wir sie warten und Instandhalten k\u00f6nnen. Am Nachmittag durften wir unser neu erlerntes Wissen gleich praktisch anwenden und unter Anleitung von Aachener Akaflieger:innen Fl\u00fcgelst\u00fccke erst mit dem Hammer zerst\u00f6ren und sie danach wieder sch\u00e4ften. Au\u00dferdem \u00fcbten wir das Laminieren an der Propellermastform der FVA 29. An den anderen Tagen waren Einheiten zur Drahtsicherung, Bestimmung der Ruderrestmomente und zur Durchf\u00fchrung einer planm\u00e4\u00dfigen Kontrolle dran.<\/p>\n\n\n\n<p>Am Donnerstagabend fuhren einige von uns in die Innenstadt von Aachen, wo wir der FVA-Versammlung beiwohnen und einen Einblick in die Vereinsstruktur einer anderen Akaflieg bekommen konnten. Danach ging es dann noch weiter in die Stammkneipe der FVA. Wir erfuhren, dass es eigentlich Brauch ist, noch einen Abend auf dem Weihnachtsmarkt in Aachen zu verbringen. Leider fand der Lehrgang dieses Jahr eine Woche fr\u00fcher als sonst statt und so war der Weihnachtsmarkt in Aachen noch nicht er\u00f6ffnet. Stattdessen wurde kurzerhand Gl\u00fchwein und Kinderpunsch in der Werkstatt organisiert und wir sa\u00dfen in netter Runde und mit Weihnachtsmusik zusammen.<\/p>\n<\/div>\n<\/div>\n\n\n\n<p>Das Wochenende war gepr\u00e4gt durch die Inhalte des Grundmoduls und die Pr\u00fcfungen. Am Samstag und Sonntagvormittag erkl\u00e4rte uns ein FVA-ler die rechtlichen Grundlagen zur Wartung. Darauf folgte dann am Sonntag die Pr\u00fcfungen f\u00fcr beide Lehrgangsbestandteile.<\/p>\n\n\n\n<p>Vielen Dank an die Mitglieder der FVA f\u00fcr ihr Engagement in der Werkstatt, bei der Verpflegung und der Organisation des Lehrgangs. Au\u00dferdem vielen Dank an die Unterichtenden f\u00fcr ihre Zeit und ihre interessanten Vortr\u00e4ge.<\/p>\n\n\n\n<p><em>Verfasst von Jule Lemcke (Akaflieg Berlin)<\/em><\/p>\n","protected":false},"excerpt":{"rendered":"<p>Wenn die Flugwissenschaftliche Vereinigung Aachen (FVA) zum Zellenwartlehrgang bei sich in der Werkstatt einl\u00e4d, folgen Idaflieger:innen aus der ganzen Republik dem Ruf &#8211; und so pilgerten sie im November zur Aachener Schleifkammer. Die folgende Woche war voll mit verschiedenen Theorie- [&hellip;]<\/p>\n","protected":false},"author":20,"featured_media":2256,"comment_status":"closed","ping_status":"open","sticky":false,"template":"","format":"standard","meta":{"footnotes":""},"categories":[1],"tags":[],"class_list":["post-2244","post","type-post","status-publish","format-standard","has-post-thumbnail","hentry","category-uncategorized","clearfix"],"_links":{"self":[{"href":"https:\/\/idaflieg.de\/index.php?rest_route=\/wp\/v2\/posts\/2244","targetHints":{"allow":["GET"]}}],"collection":[{"href":"https:\/\/idaflieg.de\/index.php?rest_route=\/wp\/v2\/posts"}],"about":[{"href":"https:\/\/idaflieg.de\/index.php?rest_route=\/wp\/v2\/types\/post"}],"author":[{"embeddable":true,"href":"https:\/\/idaflieg.de\/index.php?rest_route=\/wp\/v2\/users\/20"}],"replies":[{"embeddable":true,"href":"https:\/\/idaflieg.de\/index.php?rest_route=%2Fwp%2Fv2%2Fcomments&post=2244"}],"version-history":[{"count":7,"href":"https:\/\/idaflieg.de\/index.php?rest_route=\/wp\/v2\/posts\/2244\/revisions"}],"predecessor-version":[{"id":2257,"href":"https:\/\/idaflieg.de\/index.php?rest_route=\/wp\/v2\/posts\/2244\/revisions\/2257"}],"wp:featuredmedia":[{"embeddable":true,"href":"https:\/\/idaflieg.de\/index.php?rest_route=\/wp\/v2\/media\/2256"}],"wp:attachment":[{"href":"https:\/\/idaflieg.de\/index.php?rest_route=%2Fwp%2Fv2%2Fmedia&parent=2244"}],"wp:term":[{"taxonomy":"category","embeddable":true,"href":"https:\/\/idaflieg.de\/index.php?rest_route=%2Fwp%2Fv2%2Fcategories&post=2244"},{"taxonomy":"post_tag","embeddable":true,"href":"https:\/\/idaflieg.de\/index.php?rest_route=%2Fwp%2Fv2%2Ftags&post=2244"}],"curies":[{"name":"wp","href":"https:\/\/api.w.org\/{rel}","templated":true}]}}